{"id":16931,"date":"2024-10-29T09:49:57","date_gmt":"2024-10-29T08:49:57","guid":{"rendered":"https:\/\/hec.dz\/newsite\/?p=16931"},"modified":"2024-10-29T09:51:32","modified_gmt":"2024-10-29T08:51:32","slug":"annonce","status":"publish","type":"post","link":"https:\/\/hec.dz\/newsite\/?p=16931&lang=fr","title":{"rendered":"Annonce"},"content":{"rendered":"<div style='padding-bottom:10px; ' class='av-special-heading av-special-heading-h3    avia-builder-el-0  el_before_av_textblock  avia-builder-el-first   '><h3 class='av-special-heading-tag '  itemprop=\"headline\"  >Annonce<\/h3><div class='special-heading-border'><div class='special-heading-inner-border' ><\/div><\/div><\/div>\n<section class=\"av_textblock_section \"  itemscope=\"itemscope\" itemtype=\"https:\/\/schema.org\/BlogPosting\" itemprop=\"blogPost\" ><div class='avia_textblock  '   itemprop=\"text\" ><p>En vertu de l&#8217;instruction minist\u00e9rielle conjointe n\u00b010 dat\u00e9e du 14\/10\/2024, relative \u00e0 l&#8217;application de certaines dispositions de l&#8217;arr\u00eat\u00e9 minist\u00e9riel conjoint du 24 ao\u00fbt 2023, qui fixe les modalit\u00e9s de validation des p\u00e9riodes de service national, du maintien en service apr\u00e8s la dur\u00e9e l\u00e9gale du service national et du rappel dans le cadre de la mobilisation.<\/p>\n<p>L&#8217;administration de l&#8217;\u00e9cole demande \u00e0 tous les employ\u00e9s (enseignants, administratifs, techniciens, agents de service et contractuels) ayant accompli leur devoir de service national, ou ceux ayant \u00e9t\u00e9 rappel\u00e9s dans le cadre de la mobilisation, de se rapprocher de la sous-direction des ressources humaines, de la formation, et des activit\u00e9s culturelles et sportives pour d\u00e9poser leurs dossiers prouvant les p\u00e9riodes de service national dans les plus brefs d\u00e9lais, accompagn\u00e9s obligatoirement des documents suivants :<\/p>\n<ul>\n<li><strong>Demande \u00e9crite<\/strong><\/li>\n<li><strong>Extrait de l&#8217;avis de radiation<\/strong> des rangs de l&#8217;Arm\u00e9e nationale populaire, ou de fin de service d\u00e9finitive dans les rangs de l&#8217;Arm\u00e9e nationale populaire, ou copie prouvant la p\u00e9riode de rappel dans le cadre de la mobilisation.<\/li>\n<li><strong>Certificat de non-perception de pension militaire<\/strong> d\u00e9livr\u00e9 par la Caisse r\u00e9gionale des retrait\u00e9s militaires (pour ceux qui ont \u00e9t\u00e9 maintenus ou rappel\u00e9s dans le cadre de la mobilisation).<\/li>\n<\/ul>\n<\/div><\/section>\n<div class='avia-gallery  avia-gallery-1 avia_lazyload avia-gallery-animate avia_animate_when_visible  avia-builder-el-2  el_after_av_textblock  avia-builder-el-last  '  itemprop=\"image\" itemscope=\"itemscope\" itemtype=\"https:\/\/schema.org\/ImageObject\" ><div class='avia-gallery-thumb'> <a href='https:\/\/hec.dz\/newsite\/wp-content\/uploads\/2024\/10\/CamScanner-29-10-2024-09.26_page-0001-1-728x1030.jpg' data-rel='gallery-1' data-prev-img='https:\/\/hec.dz\/newsite\/wp-content\/uploads\/2024\/10\/CamScanner-29-10-2024-09.26_page-0001-1-495x400.jpg' class='first_thumb lightbox ' data-onclick='1' title=''  itemprop=\"thumbnailUrl\" ><img  src='https:\/\/hec.dz\/newsite\/wp-content\/uploads\/2024\/10\/CamScanner-29-10-2024-09.26_page-0001-1-495x400.jpg' width='495' height='400'  title='CamScanner 29-10-2024 09.26_page-0001' alt='' \/><\/a><\/div><\/div>\n","protected":false},"excerpt":{"rendered":"","protected":false},"author":6,"featured_media":16933,"comment_status":"closed","ping_status":"closed","sticky":false,"template":"","format":"standard","meta":{"_mi_skip_tracking":false,"_monsterinsights_sitenote_active":false,"_monsterinsights_sitenote_note":"","_monsterinsights_sitenote_category":0},"categories":[111],"tags":[],"_links":{"self":[{"href":"https:\/\/hec.dz\/newsite\/index.php?rest_route=\/wp\/v2\/posts\/16931"}],"collection":[{"href":"https:\/\/hec.dz\/newsite\/index.php?rest_route=\/wp\/v2\/posts"}],"about":[{"href":"https:\/\/hec.dz\/newsite\/index.php?rest_route=\/wp\/v2\/types\/post"}],"author":[{"embeddable":true,"href":"https:\/\/hec.dz\/newsite\/index.php?rest_route=\/wp\/v2\/users\/6"}],"replies":[{"embeddable":true,"href":"https:\/\/hec.dz\/newsite\/index.php?rest_route=%2Fwp%2Fv2%2Fcomments&post=16931"}],"version-history":[{"count":2,"href":"https:\/\/hec.dz\/newsite\/index.php?rest_route=\/wp\/v2\/posts\/16931\/revisions"}],"predecessor-version":[{"id":16934,"href":"https:\/\/hec.dz\/newsite\/index.php?rest_route=\/wp\/v2\/posts\/16931\/revisions\/16934"}],"wp:featuredmedia":[{"embeddable":true,"href":"https:\/\/hec.dz\/newsite\/index.php?rest_route=\/wp\/v2\/media\/16933"}],"wp:attachment":[{"href":"https:\/\/hec.dz\/newsite\/index.php?rest_route=%2Fwp%2Fv2%2Fmedia&parent=16931"}],"wp:term":[{"taxonomy":"category","embeddable":true,"href":"https:\/\/hec.dz\/newsite\/index.php?rest_route=%2Fwp%2Fv2%2Fcategories&post=16931"},{"taxonomy":"post_tag","embeddable":true,"href":"https:\/\/hec.dz\/newsite\/index.php?rest_route=%2Fwp%2Fv2%2Ftags&post=16931"}],"curies":[{"name":"wp","href":"https:\/\/api.w.org\/{rel}","templated":true}]}}